{"id":19086,"date":"2022-09-16T17:23:48","date_gmt":"2022-09-16T15:23:48","guid":{"rendered":"https:\/\/www.powerfoodsjmb.com\/?p=19086"},"modified":"2023-11-18T17:22:21","modified_gmt":"2023-11-18T16:22:21","slug":"interview-walk4people","status":"publish","type":"post","link":"https:\/\/www.powerfoodsjmb.com\/de\/interview-walk4people\/","title":{"rendered":"INTERVIEW \u2013 WALK4PEOPLE"},"content":{"rendered":"<p><img loading=\"lazy\" decoding=\"async\" class=\"aligncenter size-full wp-image-19115\" src=\"https:\/\/www.powerfoodsjmb.com\/wp-content\/uploads\/2022\/09\/jmb_iv_w4p_01.jpg\" alt=\"\" width=\"800\" height=\"1072\" srcset=\"https:\/\/www.powerfoodsjmb.com\/wp-content\/uploads\/2022\/09\/jmb_iv_w4p_01.jpg 800w, https:\/\/www.powerfoodsjmb.com\/wp-content\/uploads\/2022\/09\/jmb_iv_w4p_01-224x300.jpg 224w, https:\/\/www.powerfoodsjmb.com\/wp-content\/uploads\/2022\/09\/jmb_iv_w4p_01-764x1024.jpg 764w, https:\/\/www.powerfoodsjmb.com\/wp-content\/uploads\/2022\/09\/jmb_iv_w4p_01-768x1029.jpg 768w\" sizes=\"auto, (max-width: 800px) 100vw, 800px\" \/><\/p>\n<p>Voici pour notre site, la pr\u00e9sentation de 4 jeunes athl\u00e8tes hors du communs qui ont d\u00e9cid\u00e9 avec notre collaboration, de r\u00e9aliser un pari fou\u2026 <strong>LE WALK4PEOPLE<\/strong>\u2026 La marche des 100 km \u00e0 travers tout le Luxembourg.<\/p>\n<p>Voici <strong>ANEN MIKE<\/strong>\u00a0:<\/p>\n<p>\u00ab Je m&#8217;appelle ANEN MIKE, j\u2019ai 18 ans et j&#8217;ai d\u00e9couvert ma passion pour le sport vers l&#8217;\u00e2ge de 14-15 ans, j&#8217;ai commenc\u00e9 par des entra\u00eenements \u00e0 domicile dans le domaine du fitness et de la boxe anglaise&#8230; Plus tard, j&#8217;ai \u00e9galement commenc\u00e9 \u00e0 fr\u00e9quenter les clubs de gym. Au sujet de notre projet Walk4people, o\u00f9 nous autres, en tant qu&#8217;amis communs\u2026 (Francesco Bordignon, Lucas Brito, Claude Marx et Anen Mike), nous nous \u00e9tions fix\u00e9 l&#8217;objectif de marcher 100 km \u00e0 travers tout le Luxembourg, ce que nous avons finalement r\u00e9ussi \u00e0 faire avec l&#8217;aide de notre sponsor Power-Food\u2019s J-M.B\u00ae\u00bb<\/p>\n<p>Voici <strong>CLAUDE MARX<\/strong>\u00a0:<\/p>\n<p>\u00ab Je m\u2019appelle CLAUDE MARX, j\u2019ai 19 ans et depuis 5 ans, je joue au basketball chez les KORDAL STEELERS, dont 1 an dans la premi\u00e8re \u00e9quipe, Jean Marie BERMER m\u2019a beaucoup aid\u00e9 avec son suivi et ses produits. Le challenge des 100 km en 24h nous est venu gr\u00e2ce \u00e0 des vid\u00e9os sur YouTube, nous avons donc tous d\u00e9cid\u00e9s de le faire (au d\u00e9but) sans pr\u00e9paration, mais nous nous sommes tr\u00e8s vite ravis\u00e9s et nous avons mis quelque mois \u00e0 tout organiser. Nous sommes si heureux d\u2019avoir eu l\u2019honneur que Power-Food\u2019s J-M.B\u00ae nous sponsorise que nous avons aussi eu l\u2019id\u00e9e de le faire pour l\u2019association fondation cancer. Mais rien n\u2019aurait pu nous pr\u00e9parer \u00e0 ce trajet mentalement, c\u2019est ce qui \u00e9tait le plus difficile, le mental et le physique, nous aurions d\u00fb nous entra\u00eener un peu plus longuement, mais malgr\u00e9 tout, cette exp\u00e9rience restera marqu\u00e9e dans notre m\u00e9moire \u00e0 vie \u00bb.<\/p>\n<p>Voici <strong>LUCAS BRITO<\/strong>\u00a0:<\/p>\n<p>\u00ab Je suis LUCAS BRITO, j&#8217;ai 18 ans, depuis 1 an, j&#8217;ai commenc\u00e9 \u00e0 me rendre au Fitness pour am\u00e9liorer mon corps et me discipliner. Notre id\u00e9e commune de parcourir les 100 Km vient de YOUTUBE. Cette id\u00e9e avait d\u00e9j\u00e0 plus d&#8217;un an. Nous avons alors commenc\u00e9 \u00e0 faire des pr\u00e9parations. \u00c0 la fin de celles-ci, quand nous n\u2019avions plus beaucoup de temps, nous avons trouv\u00e9 notre nouveau sponsor, Power-Food\u2019s<\/p>\n<p>J-M.B\u00ae. Avec ce SPORTSHOP nous avons solv\u00e9s beaucoup de probl\u00e8mes et cela a renforc\u00e9 notre motivation. Nous nous sommes donc entrain\u00e9s pour les 100 km\u2026 Mais le challenge restait notre but ultime, qu&#8217;un de nous a atteint\u2026 \u00bb.<\/p>\n<p>Voici <strong>FRANCESCO BORDIGNON<\/strong>\u00a0:<\/p>\n<p>\u00ab Je suis FRANCESCO BORDIGNON, je pratique le fitness d\u00e8s mes 14 ans&#8230; Et ce, 6 fois par semaine et en 3 ans environ, aucun entra\u00eenement n&#8217;est manqu\u00e9. Je travaille tout le temps avec des entra\u00eenements \u00e0 domicile et je ne suis plus inscrit en club depuis octobre 2021, malgr\u00e9 cela je r\u00e9ussis tout autant qu&#8217;avant \u00e0 la maison\u2026 Je fais tout cela parce que je trouve l&#8217;ennui et la paresse bien pire que la douleur et la discipline que je m\u2019inflige tous les jours pour pers\u00e9v\u00e9rer\u2026 Je connais mes 3 autres partenaires, Lucas Brito, Claude Marx et Mike Anen, depuis 6 ans&#8230; Je les connais de l\u2019\u00e9cole et nous avons beaucoup v\u00e9cus ensemble et nous avons beaucoup d\u00e9velopp\u00e9s ensemble&#8230; D&#8217;autres ont m\u00eame eu l&#8217;id\u00e9e de monter ce d\u00e9fi et de de l&#8217;organiser comme un \u00e9v\u00e9nement caritatif \u00bb.<\/p>\n<p>Les questions sont pos\u00e9es \u00e0 Mike, Lucas, Claude et Francesco en simultan\u00e9. Afin d\u2019avoir des r\u00e9actions de groupe.<\/p>\n<p>&nbsp;<\/p>\n<p style=\"text-align: center;\"><strong>INTERVIEW<\/strong><\/p>\n<p style=\"text-align: justify;\"><strong><span style=\"color: #ff6600;\">(1) Vous avez d\u00e9cid\u00e9 tous ensemble de pratiquer ce challenge, quel a \u00e9t\u00e9 votre motivation premi\u00e8re\u00a0?<br \/>\n<\/span><\/strong><\/p>\n<p>Nous avions 2 objectifs principaux, le premier c\u2019\u00e9tait le d\u00e9passement de soi, savoir jusqu\u2019o\u00f9 nous pouvions aller physiquement et mentalement, jusqu\u2019\u00e0 quelle mesure notre corps pouvait-il tenir. Le second, ce fut pour l\u2019association bien s\u00fbre, ainsi que pour toutes les personnes qui \u00e9taient derri\u00e8re nous\u2026 Notamment notre famille, mais aussi tous nos ami<\/p>\n<p><img loading=\"lazy\" decoding=\"async\" class=\"aligncenter size-full wp-image-19087\" src=\"https:\/\/www.powerfoodsjmb.com\/wp-content\/uploads\/2022\/09\/jmb_iv_w4p_02.jpg\" alt=\"\" width=\"800\" height=\"1066\" srcset=\"https:\/\/www.powerfoodsjmb.com\/wp-content\/uploads\/2022\/09\/jmb_iv_w4p_02.jpg 800w, https:\/\/www.powerfoodsjmb.com\/wp-content\/uploads\/2022\/09\/jmb_iv_w4p_02-225x300.jpg 225w, https:\/\/www.powerfoodsjmb.com\/wp-content\/uploads\/2022\/09\/jmb_iv_w4p_02-768x1023.jpg 768w\" sizes=\"auto, (max-width: 800px) 100vw, 800px\" \/><\/p>\n<p style=\"text-align: justify;\"><strong><span style=\"color: #ff6600;\">(2) Qu\u2019est-ce qui vous a conduit aupr\u00e8s de Jean Marie BERMER concernant votre pr\u00e9paration\u00a0?<br \/>\n<\/span><\/strong><\/p>\n<p>Tout d\u2019abord, nous \u00e9tions tous client chez Jean Marie, puis avec le temps et la confiance, il est devenu un ami pour nous tous. Il nous a beaucoup aid\u00e9 pour notre d\u00e9veloppement personnel mais aussi physique, pour nous ce n\u2019\u00e9tait pas possible de penser \u00e0 quelqu\u2019un d\u2019autre que lui pour mener \u00e0 bien ce d\u00e9fi\u2026 Personne n\u2019\u00e9tait mieux plac\u00e9 que lui pour nous aider&#8230; C\u2019est ind\u00e9niable.<\/p>\n<p><img loading=\"lazy\" decoding=\"async\" class=\"aligncenter size-full wp-image-19113\" src=\"https:\/\/www.powerfoodsjmb.com\/wp-content\/uploads\/2022\/09\/jmb_iv_w4p_03.jpg\" alt=\"\" width=\"800\" height=\"600\" srcset=\"https:\/\/www.powerfoodsjmb.com\/wp-content\/uploads\/2022\/09\/jmb_iv_w4p_03.jpg 800w, https:\/\/www.powerfoodsjmb.com\/wp-content\/uploads\/2022\/09\/jmb_iv_w4p_03-300x225.jpg 300w, https:\/\/www.powerfoodsjmb.com\/wp-content\/uploads\/2022\/09\/jmb_iv_w4p_03-768x576.jpg 768w, https:\/\/www.powerfoodsjmb.com\/wp-content\/uploads\/2022\/09\/jmb_iv_w4p_03-94x70.jpg 94w, https:\/\/www.powerfoodsjmb.com\/wp-content\/uploads\/2022\/09\/jmb_iv_w4p_03-600x450.jpg 600w\" sizes=\"auto, (max-width: 800px) 100vw, 800px\" \/><\/p>\n<p>&nbsp;<\/p>\n<p style=\"text-align: justify;\"><strong><span style=\"color: #ff6600;\">(3) Quels produits de notre gamme ont \u00e9t\u00e9 pour vous les plus b\u00e9n\u00e9fiques lors de votre p\u00e9riple sportif\u00a0?<br \/>\n<\/span><\/strong><\/p>\n<p>Pour notre p\u00e9riple sportif, les produits les plus b\u00e9n\u00e9fiques pour nous, furent les barres \u00e9nergiques et prot\u00e9in\u00e9s J-M.B\u00aeProtein-Bar et les boissons \u00e9nerg\u00e9tiques Power-Fit et Power Energy-Plus, ainsi les J-M.B\u00ae Vital-Mineraldrink de Power-Food\u2019s J-M-B\u00ae. &#8230; Ils nous ont colossalement aid\u00e9s.<\/p>\n<p><img loading=\"lazy\" decoding=\"async\" class=\"aligncenter size-full wp-image-19111\" src=\"https:\/\/www.powerfoodsjmb.com\/wp-content\/uploads\/2022\/09\/jmb_iv_w4p_04.jpg\" alt=\"\" width=\"800\" height=\"600\" srcset=\"https:\/\/www.powerfoodsjmb.com\/wp-content\/uploads\/2022\/09\/jmb_iv_w4p_04.jpg 800w, https:\/\/www.powerfoodsjmb.com\/wp-content\/uploads\/2022\/09\/jmb_iv_w4p_04-300x225.jpg 300w, https:\/\/www.powerfoodsjmb.com\/wp-content\/uploads\/2022\/09\/jmb_iv_w4p_04-768x576.jpg 768w, https:\/\/www.powerfoodsjmb.com\/wp-content\/uploads\/2022\/09\/jmb_iv_w4p_04-94x70.jpg 94w, https:\/\/www.powerfoodsjmb.com\/wp-content\/uploads\/2022\/09\/jmb_iv_w4p_04-600x450.jpg 600w\" sizes=\"auto, (max-width: 800px) 100vw, 800px\" \/><\/p>\n<p>&nbsp;<\/p>\n<p style=\"text-align: justify;\"><strong><span style=\"color: #ff6600;\">(4) Quel \u00e0 \u00e9t\u00e9 votre suppl\u00e9ment favori et pourquoi\u00a0?<br \/>\n<\/span><\/strong><\/p>\n<p>De nouveau, nos suppl\u00e9ments favoris ont \u00e9t\u00e9 les barres \u00e9nerg\u00e9tiques et prot\u00e9in\u00e9s J-M.B\u00aeProtein-Bar, pour leur go\u00fbt mais aussi pour toute l\u2019aide qu\u2019elles nous ont apport\u00e9s.<\/p>\n<p style=\"text-align: justify;\"><strong><span style=\"color: #ff6600;\">(5) Quelles sont les erreurs que vous avez effectu\u00e9es lors de votre parcours\u00a0?<br \/>\n<\/span><\/strong><\/p>\n<p>Les erreurs que nous avons faites et elles sont assez difficile \u00e0 avaler\u2026 C\u2019est que nous avons tous sous-estim\u00e9 la difficult\u00e9 de ce challenge\u2026 Ensemble nous aurions d\u00fb nous entrainer encore davantage et mesurer l\u2019importance d\u2019un tel d\u00e9fi pour le corps mais aussi pour le mental.<\/p>\n<p><img loading=\"lazy\" decoding=\"async\" class=\"aligncenter size-full wp-image-19109\" src=\"https:\/\/www.powerfoodsjmb.com\/wp-content\/uploads\/2022\/09\/jmb_iv_w4p_05.jpg\" alt=\"\" width=\"800\" height=\"599\" srcset=\"https:\/\/www.powerfoodsjmb.com\/wp-content\/uploads\/2022\/09\/jmb_iv_w4p_05.jpg 800w, https:\/\/www.powerfoodsjmb.com\/wp-content\/uploads\/2022\/09\/jmb_iv_w4p_05-300x225.jpg 300w, https:\/\/www.powerfoodsjmb.com\/wp-content\/uploads\/2022\/09\/jmb_iv_w4p_05-768x575.jpg 768w, https:\/\/www.powerfoodsjmb.com\/wp-content\/uploads\/2022\/09\/jmb_iv_w4p_05-94x70.jpg 94w, https:\/\/www.powerfoodsjmb.com\/wp-content\/uploads\/2022\/09\/jmb_iv_w4p_05-600x450.jpg 600w\" sizes=\"auto, (max-width: 800px) 100vw, 800px\" \/><\/p>\n<p style=\"text-align: justify;\"><strong><span style=\"color: #ff6600;\">(6) Quels conseils donneriez-vous \u00e0 des personnes qui veulent tenter cette exp\u00e9rience\u00a0?<br \/>\n<\/span><\/strong><\/p>\n<p>Nous pensons que les meilleurs conseils \u00e0 apporter pour ce d\u00e9fi\u2026 Ce serait d\u2019essayer soi-m\u00eame de marcher le plus loin et le plus longtemps possible durant toute une journ\u00e9e\u2026 Et de voir, qu\u2019elle est notre ressenti physique et mental. Le point le plus important \u00e0 retenir de ce challenge c\u2019est le d\u00e9passement de soi\u2026 qu\u2019il s\u2019agisse de 5km ou de 80km\u2026 a la fin de l\u2019\u00e9preuve et de l\u2019aventure, vous serez plus fort qu\u2019\u00e0 vos d\u00e9buts, c\u2019est certain.<\/p>\n<p><img loading=\"lazy\" decoding=\"async\" class=\"aligncenter size-full wp-image-19107\" src=\"https:\/\/www.powerfoodsjmb.com\/wp-content\/uploads\/2022\/09\/jmb_iv_w4p_06.jpg\" alt=\"\" width=\"800\" height=\"600\" srcset=\"https:\/\/www.powerfoodsjmb.com\/wp-content\/uploads\/2022\/09\/jmb_iv_w4p_06.jpg 800w, https:\/\/www.powerfoodsjmb.com\/wp-content\/uploads\/2022\/09\/jmb_iv_w4p_06-300x225.jpg 300w, https:\/\/www.powerfoodsjmb.com\/wp-content\/uploads\/2022\/09\/jmb_iv_w4p_06-768x576.jpg 768w, https:\/\/www.powerfoodsjmb.com\/wp-content\/uploads\/2022\/09\/jmb_iv_w4p_06-94x70.jpg 94w, https:\/\/www.powerfoodsjmb.com\/wp-content\/uploads\/2022\/09\/jmb_iv_w4p_06-600x450.jpg 600w\" sizes=\"auto, (max-width: 800px) 100vw, 800px\" \/><\/p>\n<p style=\"text-align: justify;\"><strong><span style=\"color: #ff6600;\">(7) Pensez-vous que vous \u00e9tiez suffisamment pr\u00e9par\u00e9s pour r\u00e9aliser 100 km en une seule traite\u00a0?<br \/>\n<\/span><\/strong><\/p>\n<p>Non, en v\u00e9rit\u00e9, m\u00eame \u00e0 l\u2019entrainement vous \u00eates loin mentalement de ce que cela repr\u00e9sente r\u00e9ellement. Pour le physique, on peut toujours se dire que \u00ab\u00a0oui\u00a0\u00bb pourquoi pas, je pense que je peux y arriver, mais la v\u00e9racit\u00e9 de ce d\u00e9fi, c\u2019est que si on n\u2019a jamais essay\u00e9 ce genre de discipline, on ne peut pas s\u2019y pr\u00e9parer vraiment, car on ne peut pas mesurer la gravit\u00e9 des impr\u00e9vus\u2026 Et c\u2019est cela qui fait le plus mal physiquement et mentalement&#8230; Sans commune mesure.<\/p>\n<p><img loading=\"lazy\" decoding=\"async\" class=\"aligncenter size-full wp-image-19105\" src=\"https:\/\/www.powerfoodsjmb.com\/wp-content\/uploads\/2022\/09\/jmb_iv_w4p_07.jpg\" alt=\"\" width=\"800\" height=\"1066\" srcset=\"https:\/\/www.powerfoodsjmb.com\/wp-content\/uploads\/2022\/09\/jmb_iv_w4p_07.jpg 800w, https:\/\/www.powerfoodsjmb.com\/wp-content\/uploads\/2022\/09\/jmb_iv_w4p_07-225x300.jpg 225w, https:\/\/www.powerfoodsjmb.com\/wp-content\/uploads\/2022\/09\/jmb_iv_w4p_07-768x1023.jpg 768w\" sizes=\"auto, (max-width: 800px) 100vw, 800px\" \/><\/p>\n<p style=\"text-align: justify;\"><strong><span style=\"color: #ff6600;\">(8) Pour vous l\u2019alimentation et les suppl\u00e9ments sont vitaux pour tenir physiquement dans une telle \u00e9preuve\u00a0?<br \/>\n<\/span><\/strong><\/p>\n<p>Nous pensons que l\u2019alimentation est un des piliers les plus importants dans une pr\u00e9paration physique et dans n\u2019importe quel sport\u2026 Car un cerveau sain dans un corps sain, c\u2019est 70% du travail accompli car avec un corps sain, une fois encore et un bon entra\u00eenement\u2026 Tout est possible. Mais si on s\u2019alimente mal, avec n\u2019importe quel entra\u00eenement\u2026 Nous n\u2019aurons pas la forme physique voulue et verras des blessures arriveront tr\u00e8s rapidement.<\/p>\n<p><img loading=\"lazy\" decoding=\"async\" class=\"aligncenter size-full wp-image-19103\" src=\"https:\/\/www.powerfoodsjmb.com\/wp-content\/uploads\/2022\/09\/jmb_iv_w4p_08.jpg\" alt=\"\" width=\"800\" height=\"600\" srcset=\"https:\/\/www.powerfoodsjmb.com\/wp-content\/uploads\/2022\/09\/jmb_iv_w4p_08.jpg 800w, https:\/\/www.powerfoodsjmb.com\/wp-content\/uploads\/2022\/09\/jmb_iv_w4p_08-300x225.jpg 300w, https:\/\/www.powerfoodsjmb.com\/wp-content\/uploads\/2022\/09\/jmb_iv_w4p_08-768x576.jpg 768w, https:\/\/www.powerfoodsjmb.com\/wp-content\/uploads\/2022\/09\/jmb_iv_w4p_08-94x70.jpg 94w, https:\/\/www.powerfoodsjmb.com\/wp-content\/uploads\/2022\/09\/jmb_iv_w4p_08-600x450.jpg 600w\" sizes=\"auto, (max-width: 800px) 100vw, 800px\" \/><\/p>\n<p style=\"text-align: justify;\"><strong><span style=\"color: #ff6600;\">(9) Auriez-vous un mot \u00e0 dire Jean-Marie BERMER votre sponsor\u00a0?<br \/>\n<\/span><\/strong><\/p>\n<p>Jean-Marie, tu as \u00e9t\u00e9 notre pilier fort pour cette aventure et tu nous a aid\u00e9 sans aucune garantie de notre succ\u00e8s, d\u00e8s que nous t\u2019avions expliqu\u00e9 notre projet tu \u00e9tais d\u00e9j\u00e0 \u00e0 150% pr\u00eat \u00e0 nous aider\u2026 Tu as directement commenc\u00e9 \u00e0 nous donner des conseils pour am\u00e9liorer notre p\u00e9riple fou\u2026 Nous sommes certains de dire que sans toi\u2026 Jamais nous serions parvenus \u00e0 arriver \u00e0 la fin, tu as \u00e9t\u00e9 d\u2019une aide pr\u00e9cieuse et nous ne te remercierons jamais assez pour tout ce que tu as fait pour nous. \u00a0Merci du fond du c\u0153ur Jean-Marie.<\/p>\n<p><img loading=\"lazy\" decoding=\"async\" class=\"aligncenter size-full wp-image-19101\" src=\"https:\/\/www.powerfoodsjmb.com\/wp-content\/uploads\/2022\/09\/jmb_iv_w4p_09.jpg\" alt=\"\" width=\"800\" height=\"601\" srcset=\"https:\/\/www.powerfoodsjmb.com\/wp-content\/uploads\/2022\/09\/jmb_iv_w4p_09.jpg 800w, https:\/\/www.powerfoodsjmb.com\/wp-content\/uploads\/2022\/09\/jmb_iv_w4p_09-300x225.jpg 300w, https:\/\/www.powerfoodsjmb.com\/wp-content\/uploads\/2022\/09\/jmb_iv_w4p_09-768x577.jpg 768w, https:\/\/www.powerfoodsjmb.com\/wp-content\/uploads\/2022\/09\/jmb_iv_w4p_09-94x70.jpg 94w, https:\/\/www.powerfoodsjmb.com\/wp-content\/uploads\/2022\/09\/jmb_iv_w4p_09-600x450.jpg 600w\" sizes=\"auto, (max-width: 800px) 100vw, 800px\" \/><\/p>\n<p style=\"text-align: justify;\"><strong><span style=\"color: #ff6600;\">(10) Participerez-vous \u00e0 l\u2019\u00e9dition 2023 de WALKFORPEOPLE\u00a0?<br \/>\n<\/span><\/strong><\/p>\n<p>Nous ne pouvons pas affirmer que nous le ferons encore, mais \u00e0 la fin de l\u2019aventure, c\u2019\u00e9tait un non cat\u00e9gorique, mais depuis quelques jours, nous avons une vraie envie de le refaire et de r\u00e9ussir\u2026 Car le challenge en lui-m\u00eame, de 100km en 24h, n\u2019a pas \u00e9t\u00e9 r\u00e9alis\u00e9 en soi, donc cette soif de r\u00e9ussite devrait je pense, nous pousser \u00e0 le refaire. Bien s\u00fbr, avec pour seule condition que Jean-Marie fasse de nouveau partie de l\u2019aventure\u2026 Car il est impossible de dissocier J-M.B\u00ae et Walk4People. il a \u00e9t\u00e9 pr\u00e9sent depuis le d\u00e9but de ce d\u00e9fi, il fait donc partie int\u00e9grale de Walk4People.<\/p>\n<p><img loading=\"lazy\" decoding=\"async\" class=\"aligncenter size-full wp-image-19099\" src=\"https:\/\/www.powerfoodsjmb.com\/wp-content\/uploads\/2022\/09\/jmb_iv_w4p_10.jpg\" alt=\"\" width=\"800\" height=\"790\" srcset=\"https:\/\/www.powerfoodsjmb.com\/wp-content\/uploads\/2022\/09\/jmb_iv_w4p_10.jpg 800w, https:\/\/www.powerfoodsjmb.com\/wp-content\/uploads\/2022\/09\/jmb_iv_w4p_10-300x296.jpg 300w, https:\/\/www.powerfoodsjmb.com\/wp-content\/uploads\/2022\/09\/jmb_iv_w4p_10-768x758.jpg 768w, https:\/\/www.powerfoodsjmb.com\/wp-content\/uploads\/2022\/09\/jmb_iv_w4p_10-100x100.jpg 100w\" sizes=\"auto, (max-width: 800px) 100vw, 800px\" \/><\/p>\n<p><img loading=\"lazy\" decoding=\"async\" class=\"aligncenter size-full wp-image-19097\" src=\"https:\/\/www.powerfoodsjmb.com\/wp-content\/uploads\/2022\/09\/jmb_iv_w4p_11.jpg\" alt=\"\" width=\"800\" height=\"600\" srcset=\"https:\/\/www.powerfoodsjmb.com\/wp-content\/uploads\/2022\/09\/jmb_iv_w4p_11.jpg 800w, https:\/\/www.powerfoodsjmb.com\/wp-content\/uploads\/2022\/09\/jmb_iv_w4p_11-300x225.jpg 300w, https:\/\/www.powerfoodsjmb.com\/wp-content\/uploads\/2022\/09\/jmb_iv_w4p_11-768x576.jpg 768w, https:\/\/www.powerfoodsjmb.com\/wp-content\/uploads\/2022\/09\/jmb_iv_w4p_11-94x70.jpg 94w, https:\/\/www.powerfoodsjmb.com\/wp-content\/uploads\/2022\/09\/jmb_iv_w4p_11-600x450.jpg 600w\" sizes=\"auto, (max-width: 800px) 100vw, 800px\" \/><\/p>\n<p><img loading=\"lazy\" decoding=\"async\" class=\"aligncenter size-full wp-image-19095\" src=\"https:\/\/www.powerfoodsjmb.com\/wp-content\/uploads\/2022\/09\/jmb_iv_w4p_12.jpg\" alt=\"\" width=\"800\" height=\"1066\" srcset=\"https:\/\/www.powerfoodsjmb.com\/wp-content\/uploads\/2022\/09\/jmb_iv_w4p_12.jpg 800w, https:\/\/www.powerfoodsjmb.com\/wp-content\/uploads\/2022\/09\/jmb_iv_w4p_12-225x300.jpg 225w, https:\/\/www.powerfoodsjmb.com\/wp-content\/uploads\/2022\/09\/jmb_iv_w4p_12-768x1023.jpg 768w\" sizes=\"auto, (max-width: 800px) 100vw, 800px\" \/><\/p>\n<p><img loading=\"lazy\" decoding=\"async\" class=\"aligncenter size-full wp-image-19093\" src=\"https:\/\/www.powerfoodsjmb.com\/wp-content\/uploads\/2022\/09\/jmb_iv_w4p_13.jpg\" alt=\"\" width=\"800\" height=\"1730\" srcset=\"https:\/\/www.powerfoodsjmb.com\/wp-content\/uploads\/2022\/09\/jmb_iv_w4p_13.jpg 800w, https:\/\/www.powerfoodsjmb.com\/wp-content\/uploads\/2022\/09\/jmb_iv_w4p_13-139x300.jpg 139w, https:\/\/www.powerfoodsjmb.com\/wp-content\/uploads\/2022\/09\/jmb_iv_w4p_13-474x1024.jpg 474w, https:\/\/www.powerfoodsjmb.com\/wp-content\/uploads\/2022\/09\/jmb_iv_w4p_13-768x1661.jpg 768w, https:\/\/www.powerfoodsjmb.com\/wp-content\/uploads\/2022\/09\/jmb_iv_w4p_13-710x1536.jpg 710w\" sizes=\"auto, (max-width: 800px) 100vw, 800px\" \/><\/p>\n<p><img loading=\"lazy\" decoding=\"async\" class=\"aligncenter size-full wp-image-19091\" src=\"https:\/\/www.powerfoodsjmb.com\/wp-content\/uploads\/2022\/09\/jmb_iv_w4p_14.jpg\" alt=\"\" width=\"800\" height=\"1131\" srcset=\"https:\/\/www.powerfoodsjmb.com\/wp-content\/uploads\/2022\/09\/jmb_iv_w4p_14.jpg 800w, https:\/\/www.powerfoodsjmb.com\/wp-content\/uploads\/2022\/09\/jmb_iv_w4p_14-212x300.jpg 212w, https:\/\/www.powerfoodsjmb.com\/wp-content\/uploads\/2022\/09\/jmb_iv_w4p_14-724x1024.jpg 724w, https:\/\/www.powerfoodsjmb.com\/wp-content\/uploads\/2022\/09\/jmb_iv_w4p_14-768x1086.jpg 768w\" sizes=\"auto, (max-width: 800px) 100vw, 800px\" \/><\/p>\n<p><img loading=\"lazy\" decoding=\"async\" class=\"aligncenter size-full wp-image-19089\" src=\"https:\/\/www.powerfoodsjmb.com\/wp-content\/uploads\/2022\/09\/jmb_iv_w4p_15.jpg\" alt=\"\" width=\"800\" height=\"451\" srcset=\"https:\/\/www.powerfoodsjmb.com\/wp-content\/uploads\/2022\/09\/jmb_iv_w4p_15.jpg 800w, https:\/\/www.powerfoodsjmb.com\/wp-content\/uploads\/2022\/09\/jmb_iv_w4p_15-300x169.jpg 300w, https:\/\/www.powerfoodsjmb.com\/wp-content\/uploads\/2022\/09\/jmb_iv_w4p_15-768x433.jpg 768w\" sizes=\"auto, (max-width: 800px) 100vw, 800px\" \/><\/p>\n<p style=\"text-align: center;\">\u00ab MERCI \u00e0 toute l\u2019\u00e9quipe pour l\u2019accomplissement de cet exploit, je serais encore \u00e0 vos cot\u00e9s pour la saison prochaine\u2026 \u00bb.<br \/>\n<strong>Jean-Marie BERMER<\/strong><\/p>\n","protected":false},"excerpt":{"rendered":"<p>Voici pour notre site, la pr\u00e9sentation de 4 jeunes athl\u00e8tes hors du communs qui ont d\u00e9cid\u00e9 avec notre collaboration, de r\u00e9aliser un pari fou\u2026 LE WALK4PEOPLE\u2026 La marche des 100 km \u00e0 travers tout le Luxembourg. Voici ANEN MIKE\u00a0: \u00ab Je m&#8217;appelle ANEN MIKE, j\u2019ai 18 ans et j&#8217;ai d\u00e9couvert ma passion pour le sport vers l&#8217;\u00e2ge de 14-15 ans, [&hellip;]<\/p>\n","protected":false},"author":1,"featured_media":0,"comment_status":"closed","ping_status":"closed","sticky":false,"template":"","format":"standard","meta":{"footnotes":""},"categories":[795],"tags":[],"class_list":["post-19086","post","type-post","status-publish","format-standard","hentry","category-interview-de"],"_links":{"self":[{"href":"https:\/\/www.powerfoodsjmb.com\/de\/wp-json\/wp\/v2\/posts\/19086","targetHints":{"allow":["GET"]}}],"collection":[{"href":"https:\/\/www.powerfoodsjmb.com\/de\/wp-json\/wp\/v2\/posts"}],"about":[{"href":"https:\/\/www.powerfoodsjmb.com\/de\/wp-json\/wp\/v2\/types\/post"}],"author":[{"embeddable":true,"href":"https:\/\/www.powerfoodsjmb.com\/de\/wp-json\/wp\/v2\/users\/1"}],"replies":[{"embeddable":true,"href":"https:\/\/www.powerfoodsjmb.com\/de\/wp-json\/wp\/v2\/comments?post=19086"}],"version-history":[{"count":1,"href":"https:\/\/www.powerfoodsjmb.com\/de\/wp-json\/wp\/v2\/posts\/19086\/revisions"}],"predecessor-version":[{"id":19117,"href":"https:\/\/www.powerfoodsjmb.com\/de\/wp-json\/wp\/v2\/posts\/19086\/revisions\/19117"}],"wp:attachment":[{"href":"https:\/\/www.powerfoodsjmb.com\/de\/wp-json\/wp\/v2\/media?parent=19086"}],"wp:term":[{"taxonomy":"category","embeddable":true,"href":"https:\/\/www.powerfoodsjmb.com\/de\/wp-json\/wp\/v2\/categories?post=19086"},{"taxonomy":"post_tag","embeddable":true,"href":"https:\/\/www.powerfoodsjmb.com\/de\/wp-json\/wp\/v2\/tags?post=19086"}],"curies":[{"name":"wp","href":"https:\/\/api.w.org\/{rel}","templated":true}]}}