{"id":15916,"date":"2019-02-07T17:28:38","date_gmt":"2019-02-07T16:28:38","guid":{"rendered":"https:\/\/www.powerfoodsjmb.com\/?p=15916"},"modified":"2023-11-18T17:22:27","modified_gmt":"2023-11-18T16:22:27","slug":"reportage-de-notre-athlete-yannick-schott-saison-2018","status":"publish","type":"post","link":"https:\/\/www.powerfoodsjmb.com\/de\/reportage-de-notre-athlete-yannick-schott-saison-2018\/","title":{"rendered":"Reportage de notre athl\u00e8te Yannick Schott (Team Power-Food\u2019s J-M.B\u00ae), saison 2018"},"content":{"rendered":"<p><img loading=\"lazy\" decoding=\"async\" class=\"size-full wp-image-15917 aligncenter\" src=\"https:\/\/www.powerfoodsjmb.com\/wp-content\/uploads\/2019\/02\/jmb_20190207_reportage_yannick-schott_01.jpg\" alt=\"\" width=\"1080\" height=\"555\" srcset=\"https:\/\/www.powerfoodsjmb.com\/wp-content\/uploads\/2019\/02\/jmb_20190207_reportage_yannick-schott_01.jpg 1080w, https:\/\/www.powerfoodsjmb.com\/wp-content\/uploads\/2019\/02\/jmb_20190207_reportage_yannick-schott_01-300x154.jpg 300w, https:\/\/www.powerfoodsjmb.com\/wp-content\/uploads\/2019\/02\/jmb_20190207_reportage_yannick-schott_01-768x395.jpg 768w, https:\/\/www.powerfoodsjmb.com\/wp-content\/uploads\/2019\/02\/jmb_20190207_reportage_yannick-schott_01-1024x526.jpg 1024w, https:\/\/www.powerfoodsjmb.com\/wp-content\/uploads\/2019\/02\/jmb_20190207_reportage_yannick-schott_01-800x411.jpg 800w\" sizes=\"auto, (max-width: 1080px) 100vw, 1080px\" \/><\/p>\n<p style=\"text-align: justify;\"><strong><span style=\"color: #ff6600;\">(1) <a href=\"https:\/\/www.powerfoodsjmb.com\/athletes\/yannick-schott\/\">Yannick<\/a>, \u00e0 quel moment as-tu commenc\u00e9 ta pr\u00e9paration de la saison 2018, plus pr\u00e9cis\u00e9ment en cette fin d\u2019ann\u00e9e, peux-tu nous expliquer tes d\u00e9marche et le d\u00e9roulement de ta pr\u00e9paration pour la participation au Mr Univers du 24 Novembre \u00e0 Hambourg\u00a0?<br \/>\n<\/span><\/strong><\/p>\n<p><strong>D\u00e9but pr\u00e9paration\u00a0:<\/strong> Juin 2018<\/p>\n<ul>\n<li>\u00e0 mon d\u00e9but de pr\u00e9paration, j\u2019ai pr\u00e9vu cette saison beaucoup plus t\u00f4t que d\u2019habitude en vu de pr\u00e9server plus de masse musculaire et de volume par rapport aux ann\u00e9es pr\u00e9c\u00e9dente.<\/li>\n<li>Jai \u00e9galement pr\u00e9vu 2 semaines de vacances fin aout et d\u00e9but septembre.\u00a0 C\u2019\u00e9tait la premi\u00e8res fois que je partais en vacances durant une pr\u00e9paration.<\/li>\n<li>Mon poids de d\u00e9part\u00a0: 115kg \u00e0 jeun.<\/li>\n<li>Mon alimentation\u00a0: 6000kcal &#8211;\u00a0 400g prot\u00e9ines &#8211;\u00a0 100g lipides \u2013 850g glucides \/ pas de cheatmeal\u00a0\ud83d\ude09<\/li>\n<li>Mon alimentation est toujours accompagn\u00e9 avec des suppl\u00e9ments adapt\u00e9s et sp\u00e9cifiques \u00e0 mes programmes et mes objectifs. Ils sont tous issus de la gamme Power-Food\u2019s J-M.B \u00ae (c\u2019est \u00e9galement mon sponsor principal).<\/li>\n<li>Mes entrainements\u00a0: 2 s\u00e9ances de musculation par jour.<\/li>\n<li>Le d\u00e9roulement d\u2019une journ\u00e9e typique\u00a0:\n<ul>\n<li>5\u00a0:15 lever<\/li>\n<li>6\u00a0:00-7\u00a0:30 1<sup>er<\/sup>s\u00e9ance musculation<\/li>\n<li>8\u00a0:15-16\u00a0:15 Travail<\/li>\n<li>18\u00a0:00-19\u00a0:30 2<sup>i\u00e8me<\/sup>s\u00e9ance musculation<\/li>\n<li>22\u00a0:00 coucher<\/li>\n<\/ul>\n<\/li>\n<\/ul>\n<p><img loading=\"lazy\" decoding=\"async\" class=\"size-full wp-image-15931 aligncenter\" src=\"https:\/\/www.powerfoodsjmb.com\/wp-content\/uploads\/2019\/02\/jmb_20190207_reportage_yannick-schott_02.jpg\" alt=\"\" width=\"800\" height=\"509\" srcset=\"https:\/\/www.powerfoodsjmb.com\/wp-content\/uploads\/2019\/02\/jmb_20190207_reportage_yannick-schott_02.jpg 800w, https:\/\/www.powerfoodsjmb.com\/wp-content\/uploads\/2019\/02\/jmb_20190207_reportage_yannick-schott_02-300x191.jpg 300w, https:\/\/www.powerfoodsjmb.com\/wp-content\/uploads\/2019\/02\/jmb_20190207_reportage_yannick-schott_02-768x489.jpg 768w\" sizes=\"auto, (max-width: 800px) 100vw, 800px\" \/><\/p>\n<p><img loading=\"lazy\" decoding=\"async\" class=\"size-full wp-image-15919 aligncenter\" src=\"https:\/\/www.powerfoodsjmb.com\/wp-content\/uploads\/2019\/02\/jmb_20190207_reportage_yannick-schott_03.jpg\" alt=\"\" width=\"800\" height=\"1066\" srcset=\"https:\/\/www.powerfoodsjmb.com\/wp-content\/uploads\/2019\/02\/jmb_20190207_reportage_yannick-schott_03.jpg 800w, https:\/\/www.powerfoodsjmb.com\/wp-content\/uploads\/2019\/02\/jmb_20190207_reportage_yannick-schott_03-225x300.jpg 225w, https:\/\/www.powerfoodsjmb.com\/wp-content\/uploads\/2019\/02\/jmb_20190207_reportage_yannick-schott_03-768x1024.jpg 768w\" sizes=\"auto, (max-width: 800px) 100vw, 800px\" \/><\/p>\n<p><strong>Photos Juillet 2018 <\/strong><\/p>\n<ul>\n<li>Poids 113kg \u00e0 jeun<\/li>\n<li>Alimentation\u00a0: 5400kcal &#8211; 400g prot\u00e9ines &#8211;\u00a0 100g lipides \u2013 700g glucides \/ toujours pas de cheatmeal<\/li>\n<li>Entrainement idem<\/li>\n<\/ul>\n<p style=\"text-align: justify;\"><strong><span style=\"color: #ff6600;\">(2) Nous arrivons en octobre 2018, peux tu nous dire ou ce situe cette fois ton poids de forme et nous montrer en image l\u2019\u00e9volution de celui-ci gr\u00e2ce \u00e0 l\u2019ensemble de ta di\u00e8te ainsi qu\u2019\u00e0 la prise quotidienne de nos suppl\u00e9ments\u00a0?<br \/>\n<\/span><\/strong><\/p>\n<p>Je suis maintenant \u00e0 105kg \u00e0 jeun, mon corps commence \u00e0 bien se dessiner et je ne l\u00e2che rien de mon training et de ma prise de suppl\u00e9ments. J\u2019essaye de combiner le tout avec une tol\u00e9rance \u00e0 l\u2019erreur de z\u00e9ro.<\/p>\n<ul>\n<li>Mon Alimentation\u00a0est : 3700kcal &#8211; 400g prot\u00e9ines &#8211;\u00a0 100g lipides \u2013 300g glucides \/ j\u2019ai rajout\u00e9 d\u00e9sormais plus de cheatmeal<\/li>\n<li>Entrainement toujours idem.<\/li>\n<\/ul>\n<p><img loading=\"lazy\" decoding=\"async\" class=\"size-full wp-image-15921 aligncenter\" src=\"https:\/\/www.powerfoodsjmb.com\/wp-content\/uploads\/2019\/02\/jmb_20190207_reportage_yannick-schott_04.jpg\" alt=\"\" width=\"800\" height=\"1086\" srcset=\"https:\/\/www.powerfoodsjmb.com\/wp-content\/uploads\/2019\/02\/jmb_20190207_reportage_yannick-schott_04.jpg 800w, https:\/\/www.powerfoodsjmb.com\/wp-content\/uploads\/2019\/02\/jmb_20190207_reportage_yannick-schott_04-221x300.jpg 221w, https:\/\/www.powerfoodsjmb.com\/wp-content\/uploads\/2019\/02\/jmb_20190207_reportage_yannick-schott_04-768x1043.jpg 768w, https:\/\/www.powerfoodsjmb.com\/wp-content\/uploads\/2019\/02\/jmb_20190207_reportage_yannick-schott_04-754x1024.jpg 754w\" sizes=\"auto, (max-width: 800px) 100vw, 800px\" \/><\/p>\n<p style=\"text-align: justify;\"><span style=\"color: #ff6600;\"><strong>(3) Qu\u2019est ce qu\u2019on donn\u00e9 tes premiers r\u00e9sultats lors de ta premi\u00e8re comp\u00e9tition durant cette fin de pr\u00e9paration\u00a0?<br \/>\n<\/strong><\/span><\/p>\n<p>Celle-ci \u00e0 d\u00e9marr\u00e9e en novembre 2018, voici mon premier classement\u00a0:<\/p>\n<p>Le 4.11 ce fut ma premi\u00e8re comp\u00e9tition de la saison. (NAC) Championnat d\u2019Allemagne\u00a0 \u00e0\u00a0 Rheinbach, lors de la photo qui va suivre mon poids \u00e9tait \u00e0 99 kilos.<\/p>\n<p>J\u2019int\u00e8gre une 2<sup>\u00e8me<\/sup> place dans ma cat\u00e9gorie Body 3 (jusqu\u2019\u00e0 1.72m , pas de limite de poids)<\/p>\n<p>Je suis un peu d\u00e9\u00e7u du r\u00e9sultat car ma forme \u00e9tait \u00e0 80% de mon potentiel r\u00e9el ce jour l\u00e0. J\u2019aurais pu me hisser sur la premi\u00e8re place du podium.<\/p>\n<p><img loading=\"lazy\" decoding=\"async\" class=\"size-full wp-image-15923 aligncenter\" src=\"https:\/\/www.powerfoodsjmb.com\/wp-content\/uploads\/2019\/02\/jmb_20190207_reportage_yannick-schott_05.jpg\" alt=\"\" width=\"800\" height=\"1200\" srcset=\"https:\/\/www.powerfoodsjmb.com\/wp-content\/uploads\/2019\/02\/jmb_20190207_reportage_yannick-schott_05.jpg 800w, https:\/\/www.powerfoodsjmb.com\/wp-content\/uploads\/2019\/02\/jmb_20190207_reportage_yannick-schott_05-200x300.jpg 200w, https:\/\/www.powerfoodsjmb.com\/wp-content\/uploads\/2019\/02\/jmb_20190207_reportage_yannick-schott_05-768x1152.jpg 768w, https:\/\/www.powerfoodsjmb.com\/wp-content\/uploads\/2019\/02\/jmb_20190207_reportage_yannick-schott_05-683x1024.jpg 683w\" sizes=\"auto, (max-width: 800px) 100vw, 800px\" \/><\/p>\n<p style=\"text-align: justify;\"><strong><span style=\"color: #ff6600;\">(4) Tu remets cela le 18 novembre, avec toujours la m\u00eame pr\u00e9paration et un investissement personnel complet. Quel fut ce r\u00e9sultat cette fois\u00a0?<br \/>\n<\/span><\/strong><\/p>\n<p>Le 18.11,\u00a0 deuxi\u00e8me comp\u00e9tition de la saison. Cette fois c\u2019est la (NAC) Championnat de Belgique et c\u2019est un rendez-vous important car il en ressortira une qualification pour Mr Univers. J\u2019ai donc particip\u00e9 \u00e0 la cat\u00e9gorie PRO (semi-pro avec une r\u00e9compense \u00e0 1500euro), celle-ci fut sans limite de poids, de taille et d\u2019\u00e2ge. Sur cette photo j\u2019affiche une forme physique \u00e0 96,5kg.<\/p>\n<p>Conclusion\u00a0: c\u2019est une 2<sup>\u00e8me<\/sup> place avec une r\u00e9compense \u00e0 500 euros. Forme \u00e0 90% ce jour-l\u00e0.\u00a0 Je suis tr\u00e8s content de ma forme et de ce r\u00e9sultat final ainsi que ma forme pr\u00e9sent\u00e9e sur sc\u00e8ne ce jour-l\u00e0.<\/p>\n<p><img loading=\"lazy\" decoding=\"async\" class=\"size-full wp-image-15925 aligncenter\" src=\"https:\/\/www.powerfoodsjmb.com\/wp-content\/uploads\/2019\/02\/jmb_20190207_reportage_yannick-schott_06.jpg\" alt=\"\" width=\"800\" height=\"533\" srcset=\"https:\/\/www.powerfoodsjmb.com\/wp-content\/uploads\/2019\/02\/jmb_20190207_reportage_yannick-schott_06.jpg 800w, https:\/\/www.powerfoodsjmb.com\/wp-content\/uploads\/2019\/02\/jmb_20190207_reportage_yannick-schott_06-300x200.jpg 300w, https:\/\/www.powerfoodsjmb.com\/wp-content\/uploads\/2019\/02\/jmb_20190207_reportage_yannick-schott_06-768x512.jpg 768w\" sizes=\"auto, (max-width: 800px) 100vw, 800px\" \/><\/p>\n<p style=\"text-align: justify;\"><span style=\"color: #ff6600;\"><strong>(5) Te voici donc fin pr\u00eat pour te rendre \u00e0 la plus illustre des comp\u00e9titions internationales\u2026 Mr Univers\u2026 Une comp\u00e9tition ultra recherch\u00e9e par tous les comp\u00e9titeurs d\u00e9sireux de briller dans l\u2019excellence physique, peux-tu nous explique ce qui c\u2019est pass\u00e9 ce jour-l\u00e0 ?<br \/>\n<\/strong><\/span><\/p>\n<p>Le 24.11.2018, troisi\u00e8me et derni\u00e8re comp\u00e9tition de la saison. (NAC) Mr. Univers, \u00e0 Hambourg, une des plus grandes comp\u00e9titions amateur du monde avec plus de 34 nations.<\/p>\n<p>Le plus grand objectif de cette saison apr\u00e8s avoir fait 2x un top 6 (une place en finale au championnat du monde)\u00a0: Et ainsi se classer dans le top 6 pour participer \u00e0 la finale de ce soir. Sur la photo qui va s\u2019ensuivre je serais \u00e0 96 kg de poids de forme.<\/p>\n<p>Ce D\u00e9roulement \u00e0 Mr Univers fut comme suit\u00a0:<\/p>\n<p>Le vendredi 23.11.2018\u00a0: D\u00e9part \u00e0 6:00 du matin, pour arriver en voiture vers 14:00 \u00e0 l\u2019inscription \u00e0 Hambourg. Check de l\u2019H\u00f4tel vers 15\u00a0:00, ensuite un peu de temps pour se reposer, puis pour manger, se raser et appliquer le tan. Le soir avant de se coucher\u00a0: check up avec\u00a0 JEAN MARIE BERMER \u00e0 Nous sommes content de ma forme qui est \u00e0 (95%) ce jour-l\u00e0, une top forme est donc pr\u00e9vue pour demain.<\/p>\n<p>Nous avons utilis\u00e9 le\u00a0 meilleur tan\u00a0: protan \u2026 Sur cette photo c\u2019est donc un produit protan qui est utilis\u00e9.<\/p>\n<p>Le samedi 24.11.2018\u00a0: Check up avec JEAN MARIE BERMER apr\u00e8s le lever 7\u00a0:00 \u00e0 Forme du jour \u00e0 100%, meilleur forme de ma vie. A 8\u00a0:30 le d\u00e9part est 9\u00a0:00 l\u2019arriv\u00e9e\u00a0 -&gt; puis le backstage.<\/p>\n<p>1<sup>er<\/sup> passage \u00e0 15\u00a0:00. \u00e0 1<sup>er<\/sup> comparaison, puis appel\u00e9 pour le\u00a0 1<sup>er<\/sup>\u2026 feedback positif de pleins d\u2019athl\u00e8tes et de juges internationaux. 15\u00a0:00-17\u00a0:00 Pause. \u00e0 Ensuite nous nous rendons avec \u00a0l\u2019\u00e9quipe pour manger au resto<\/p>\n<p>17\u00a0:00 la finale commence, 20\u00a0:00 passage finale\u00a0: appel\u00e9 pour le top 6 \u00e0 pr\u00e9sentation de mon posing routine, 1:00 minute de posing libre \u00e0 Comparaison finale\u00a0: Annonce des places\u00a0: 2<sup>\u00e8me<\/sup> place et Vice Mr Univers. Conclusion\u00a0: apr\u00e8s un court moment de d\u00e9ception, je suis enfin tr\u00e8s satisfait de ce placement au plus haut niveau international.<\/p>\n<p><img loading=\"lazy\" decoding=\"async\" class=\"size-full wp-image-15927 aligncenter\" src=\"https:\/\/www.powerfoodsjmb.com\/wp-content\/uploads\/2019\/02\/jmb_20190207_reportage_yannick-schott_07.jpg\" alt=\"\" width=\"800\" height=\"1196\" srcset=\"https:\/\/www.powerfoodsjmb.com\/wp-content\/uploads\/2019\/02\/jmb_20190207_reportage_yannick-schott_07.jpg 800w, https:\/\/www.powerfoodsjmb.com\/wp-content\/uploads\/2019\/02\/jmb_20190207_reportage_yannick-schott_07-201x300.jpg 201w, https:\/\/www.powerfoodsjmb.com\/wp-content\/uploads\/2019\/02\/jmb_20190207_reportage_yannick-schott_07-768x1148.jpg 768w, https:\/\/www.powerfoodsjmb.com\/wp-content\/uploads\/2019\/02\/jmb_20190207_reportage_yannick-schott_07-685x1024.jpg 685w\" sizes=\"auto, (max-width: 800px) 100vw, 800px\" \/><\/p>\n<p><img loading=\"lazy\" decoding=\"async\" class=\"size-full wp-image-15929 aligncenter\" src=\"https:\/\/www.powerfoodsjmb.com\/wp-content\/uploads\/2019\/02\/jmb_20190207_reportage_yannick-schott_08.jpg\" alt=\"\" width=\"800\" height=\"1197\" srcset=\"https:\/\/www.powerfoodsjmb.com\/wp-content\/uploads\/2019\/02\/jmb_20190207_reportage_yannick-schott_08.jpg 800w, https:\/\/www.powerfoodsjmb.com\/wp-content\/uploads\/2019\/02\/jmb_20190207_reportage_yannick-schott_08-201x300.jpg 201w, https:\/\/www.powerfoodsjmb.com\/wp-content\/uploads\/2019\/02\/jmb_20190207_reportage_yannick-schott_08-768x1149.jpg 768w, https:\/\/www.powerfoodsjmb.com\/wp-content\/uploads\/2019\/02\/jmb_20190207_reportage_yannick-schott_08-684x1024.jpg 684w\" sizes=\"auto, (max-width: 800px) 100vw, 800px\" \/><\/p>\n<p><strong>Yannick SCHOTT :<\/strong> Je voudrais passer un immense merci \u00e0 JEAN MARIE BERMER pour son soutien depuis le tout d\u00e9but de ma carri\u00e8re, mais aussi et surtout durant toute cette saison. Car avec l\u2018aide de ses complements alimentaires et l\u2019ensemble de ses conseils professionels, je suis parvenu \u00e0 me hisser sur le plus haut des podiums.<\/p>\n<p style=\"text-align: center;\"><strong>Voici les<\/strong> <strong>produits Power-Food\u2019s J-M.B\u00ae que jai utilis\u00e9 pendant cette preparation :<\/strong><\/p>\n<p style=\"text-align: center;\">&#8211; <a href=\"https:\/\/www.powerfoodsjmb.com\/product\/omega-force\/\">OMEGA<\/a> 4&#215;2 g\u00e9lulles\/jour.<\/p>\n<p style=\"text-align: center;\">&#8211; <a href=\"https:\/\/www.powerfoodsjmb.com\/product\/cla-forte\/\">CLA<\/a> 3x 2g\u00e9lulles\/jour.<\/p>\n<p style=\"text-align: center;\">&#8211; <a href=\"https:\/\/www.powerfoodsjmb.com\/product\/vitamine-c-force\/\">VITAMINE C<\/a> 3-4g\/jour.<\/p>\n<p style=\"text-align: center;\">&#8211; <a href=\"https:\/\/www.powerfoodsjmb.com\/product\/zma-force\/\">ZMA<\/a> 2x\/jOUR.<\/p>\n<p style=\"text-align: center;\">&#8211; <a href=\"https:\/\/www.powerfoodsjmb.com\/product\/power-special-pro-90\/\">SPECIAL-PRO 90<\/a> :\u00a0 60g le soir avant de me coucher.<\/p>\n<p style=\"text-align: center;\">&#8211; <a href=\"https:\/\/www.powerfoodsjmb.com\/product\/burning-force-v2\/\">BURNING FORCE<\/a> 3&#215;3 Tabs.<\/p>\n<p style=\"text-align: center;\">&#8211; <a href=\"https:\/\/www.powerfoodsjmb.com\/product\/xplosiv-nitro-pump\/\">NITRO PUMP<\/a> avant l\u2019entrainement.<\/p>\n<p style=\"text-align: center;\">&#8211; <a href=\"https:\/\/www.powerfoodsjmb.com\/product\/power-recovery\/\">POWER RECOVERY<\/a> apr\u00e8s l\u2019entrainement.<\/p>\n<p style=\"text-align: center;\">&#8211; <a href=\"https:\/\/www.powerfoodsjmb.com\/product\/bcaa-force\/\">BCAA<\/a> et <a href=\"https:\/\/www.powerfoodsjmb.com\/product\/amino-force-complex\/\">AMINO FORCE<\/a>, avant et apr\u00e8s l\u2018entrainement et le cardio.<\/p>\n<p style=\"text-align: center;\">&#8211; <a href=\"https:\/\/www.powerfoodsjmb.com\/product\/glutamine-force\/\">GLUTAMINE<\/a> 10g apr\u00e8s l\u2019entrainement, le cardio et avant de me coucher.<\/p>\n<p><strong>Copyright 2019.<\/strong><\/p>\n","protected":false},"excerpt":{"rendered":"<p>(1) Yannick, \u00e0 quel moment as-tu commenc\u00e9 ta pr\u00e9paration de la saison 2018, plus pr\u00e9cis\u00e9ment en cette fin d\u2019ann\u00e9e, peux-tu nous expliquer tes d\u00e9marche et le d\u00e9roulement de ta pr\u00e9paration pour la participation au Mr Univers du 24 Novembre \u00e0 Hambourg\u00a0? D\u00e9but pr\u00e9paration\u00a0: Juin 2018 \u00e0 mon d\u00e9but de pr\u00e9paration, j\u2019ai pr\u00e9vu cette saison beaucoup plus t\u00f4t que d\u2019habitude en [&hellip;]<\/p>\n","protected":false},"author":1,"featured_media":0,"comment_status":"closed","ping_status":"closed","sticky":false,"template":"","format":"standard","meta":{"footnotes":""},"categories":[890],"tags":[],"class_list":["post-15916","post","type-post","status-publish","format-standard","hentry","category-yannick-schott-de"],"_links":{"self":[{"href":"https:\/\/www.powerfoodsjmb.com\/de\/wp-json\/wp\/v2\/posts\/15916","targetHints":{"allow":["GET"]}}],"collection":[{"href":"https:\/\/www.powerfoodsjmb.com\/de\/wp-json\/wp\/v2\/posts"}],"about":[{"href":"https:\/\/www.powerfoodsjmb.com\/de\/wp-json\/wp\/v2\/types\/post"}],"author":[{"embeddable":true,"href":"https:\/\/www.powerfoodsjmb.com\/de\/wp-json\/wp\/v2\/users\/1"}],"replies":[{"embeddable":true,"href":"https:\/\/www.powerfoodsjmb.com\/de\/wp-json\/wp\/v2\/comments?post=15916"}],"version-history":[{"count":1,"href":"https:\/\/www.powerfoodsjmb.com\/de\/wp-json\/wp\/v2\/posts\/15916\/revisions"}],"predecessor-version":[{"id":15933,"href":"https:\/\/www.powerfoodsjmb.com\/de\/wp-json\/wp\/v2\/posts\/15916\/revisions\/15933"}],"wp:attachment":[{"href":"https:\/\/www.powerfoodsjmb.com\/de\/wp-json\/wp\/v2\/media?parent=15916"}],"wp:term":[{"taxonomy":"category","embeddable":true,"href":"https:\/\/www.powerfoodsjmb.com\/de\/wp-json\/wp\/v2\/categories?post=15916"},{"taxonomy":"post_tag","embeddable":true,"href":"https:\/\/www.powerfoodsjmb.com\/de\/wp-json\/wp\/v2\/tags?post=15916"}],"curies":[{"name":"wp","href":"https:\/\/api.w.org\/{rel}","templated":true}]}}