{"id":13216,"date":"2017-01-05T10:15:42","date_gmt":"2017-01-05T09:15:42","guid":{"rendered":"https:\/\/www.powerfoodsjmb.com\/interview-olivier-flick\/"},"modified":"2023-11-18T17:22:44","modified_gmt":"2023-11-18T16:22:44","slug":"interview-olivier-flick","status":"publish","type":"post","link":"https:\/\/www.powerfoodsjmb.com\/de\/interview-olivier-flick\/","title":{"rendered":"INTERVIEW &#8211; Olivier Flick"},"content":{"rendered":"<p style=\"text-align: center;\"><img loading=\"lazy\" decoding=\"async\" class=\"alignnone size-full wp-image-13190\" src=\"https:\/\/www.powerfoodsjmb.com\/wp-content\/uploads\/2017\/01\/olivier-flick-interview-2017-01-3.jpg\" alt=\"\" width=\"800\" height=\"693\" srcset=\"https:\/\/www.powerfoodsjmb.com\/wp-content\/uploads\/2017\/01\/olivier-flick-interview-2017-01-3.jpg 800w, https:\/\/www.powerfoodsjmb.com\/wp-content\/uploads\/2017\/01\/olivier-flick-interview-2017-01-3-300x260.jpg 300w, https:\/\/www.powerfoodsjmb.com\/wp-content\/uploads\/2017\/01\/olivier-flick-interview-2017-01-3-768x665.jpg 768w\" sizes=\"auto, (max-width: 800px) 100vw, 800px\" \/><\/p>\n<p><span style=\"color: #ff6600;\"><strong>(1) Olivier bonjour, peux-tu rapidement te pr\u00e9senter pour tous les lecteurs et lectrices de notre site POWER-FOOD\u2019S J-M.B\u00a0?<\/strong><\/span><\/p>\n<p style=\"text-align: justify;\"><strong>Olivier\u00a0FLICK :<\/strong> \u00ab\u00a0<span style=\"font-size: medium;\"><span lang=\"fr-CH\">Bonjour \u00e0 toutes et \u00e0 tous. Je m\u2019appelle Olivier Flick, j\u2019ai 37 ans et je travaille en tant que Policier. Lors de ma jeunesse, j\u2019ai jou\u00e9 comme la plupart des jeunes avec mes amis au foot. Il y a environ 15 ans de cela, j\u2019ai d\u00e9couvert le monde du body, un monde que je n\u2019ai plus su l\u00e2cher depuis. Mes premi\u00e8res comp\u00e9titions ont eu lieu en 2013. J\u2019ai commenc\u00e9 ma carri\u00e8re de comp\u00e9titeur en Belgique \u00e0 la NCOBB en cat\u00e9gorie -70kg. <\/span><\/span> \u00bb.<\/p>\n<p align=\"justify\"><span style=\"font-size: medium;\"><span lang=\"fr-CH\"><b>Mon palmar\u00e8s actuel\u00a0:\u00a0<\/b><\/span><\/span><span style=\"font-size: medium;\"><span lang=\"fr-CH\"><b>2013<\/b><\/span><\/span><span style=\"font-size: medium;\"><span lang=\"fr-CH\">\u00a0: vainqueur du New Faces, 2\u00e8me<\/span><\/span><span style=\"font-size: medium;\"><span lang=\"fr-CH\">\u00a0place au Grand-Prix de la Wallonie -75kg, champion de Belgique en -70kg et 3\u00e8me<\/span><\/span><span style=\"font-size: medium;\"><span lang=\"fr-CH\">\u00a0au championnat du monde en Slovaquie en -70kg. <\/span><\/span><span style=\"font-size: medium;\"><span lang=\"fr-CH\"><b>2014\u00a0<\/b><\/span><\/span><span style=\"font-size: medium;\"><span lang=\"fr-CH\">: vainqueur du Grand-Prix de la Wallonie en -75kg, vainqueur de la demie finale du championnat de Belgique en -70, 5\u00e8me<\/span><\/span><span style=\"font-size: medium;\"><span lang=\"fr-CH\">\u00a0place au championnat d\u2019Europe en Italie, champion de Belgique et 6\u00e8me<\/span><\/span><span style=\"font-size: medium;\"><span lang=\"fr-CH\">\u00a0place au championnat du monde \u00e0 Paris tout en -70kg. <\/span><\/span><span style=\"font-size: medium;\"><span lang=\"fr-CH\"><b>2015<\/b><\/span><\/span><span style=\"font-size: medium;\"><span lang=\"fr-CH\">\u00a0: 5\u00e8me<\/span><\/span><span style=\"font-size: medium;\"><span lang=\"fr-CH\">\u00a0au Top de Colmar en Men\u2019s Physique, vainqueur du JMB Open en Men\u2019s Physique <\/span><\/span><span style=\"font-size: medium;\"><span lang=\"fr-CH\"><b>2016<\/b><\/span><\/span><span style=\"font-size: medium;\"><span lang=\"fr-CH\">\u00a0: 2\u00e8me<\/span><\/span><span style=\"font-size: medium;\"><span lang=\"fr-CH\">\u00a0au Top de Colmar en Men\u2019s Physique, vainqueur du JMB Open en Men\u2019s Physique, Top 10 au Championnat du Monde \u00e0 Chypre en Men\u2019s Physique et 9\u00e8me<\/span><\/span><span style=\"font-size: medium;\"><span lang=\"fr-CH\">\u00a0\u00e0 Mr&amp;Mrs Universe \u00e0 Hambourg.<\/span><\/span><\/p>\n<p style=\"text-align: center;\"><img loading=\"lazy\" decoding=\"async\" class=\"alignnone size-full wp-image-13192\" src=\"https:\/\/www.powerfoodsjmb.com\/wp-content\/uploads\/2017\/01\/olivier-flick-interview-2017-02-1.jpg\" alt=\"\" width=\"520\" height=\"900\" srcset=\"https:\/\/www.powerfoodsjmb.com\/wp-content\/uploads\/2017\/01\/olivier-flick-interview-2017-02-1.jpg 520w, https:\/\/www.powerfoodsjmb.com\/wp-content\/uploads\/2017\/01\/olivier-flick-interview-2017-02-1-173x300.jpg 173w\" sizes=\"auto, (max-width: 520px) 100vw, 520px\" \/><\/p>\n<p><strong><span style=\"color: #ff6600;\">(2)\u00a0Comment as-tu connu Jean-Marie BERMER qui est le fondateur de la gamme POWER-FOOD\u2019S J-M.B\u00a0 et de quelle fa\u00e7on es-tu rentr\u00e9 dans son prestigieux team\u00a0?<\/span><\/strong><\/p>\n<p style=\"text-align: justify;\"><strong>Olivier\u00a0FLICK :<\/strong> \u00ab Tout au d\u00e9but lorsque j\u2019ai commenc\u00e9 l\u2019entrainement je me suis rendu \u00e0 BASCHARAGE du fait que Jean-Marie y avait son magasin. Il a su me conseiller de mani\u00e8re professionnelle et compr\u00e9hensible en ce qui concerne l\u2019alimentation. L\u2019entrainement et tout ce qui est compl\u00e9ments alimentaires. Il est vrai qu\u2019au d\u00e9but c\u2019est un tas d\u2019informations \u00e0 retenir et on essaye de faire de son mieux. Les ann\u00e9es d\u2019entrainement ont pass\u00e9es et lorsque j\u2019ai commenc\u00e9 prendre go\u00fbt \u00e0 la comp\u00e9tition je me suis rendu de plus en plus souvent chez Jean-Marie qui entretemps\u2026 avait install\u00e9 son magasin \u00e0 KAHLER. Durant toutes ces ann\u00e9es d\u2019entrainement je me suis d\u00e9brouill\u00e9 le mieux possible et j\u2019avais d\u00e9j\u00e0 atteint un assez bon niveau. Au fur et \u00e0 mesure que le temps passait Jean-Marie m\u2019a donn\u00e9 de plus amples conseils, que ce soit du point de vue de l\u2019alimentation comme du point de vue de l\u2019entrainement. Je pensais tout conna\u00eetre, avoir tout lu dans les livres ou sur internet, mais loin de l\u00e0. Jean-Marie m\u2019a appris tellement de chose, c\u2019est impressionnant et je lui en suis \u00e9norm\u00e9ment reconnaissant. Jusqu\u2019en 2014 je faisais mes concours en Belgique \u00e0 la NCOBB qui est une tr\u00e8s belle f\u00e9d\u00e9ration et je n\u2019ai jamais regrett\u00e9 d\u2019y avoir fait mes d\u00e9buts. Et je tiens \u00e0 remercier en m\u00eame temps la NCOBB de m\u2019avoir permis d\u2019y passer de beaux moments et d\u2019y avoir rencontr\u00e9 \u00e9norm\u00e9ment de gens que j\u2019appr\u00e9cie beaucoup. J\u2019avais d\u00e9cid\u00e9 en 2015 de concourir en Men\u2019s Physique, une cat\u00e9gorie qui n\u2019\u00e9tait pas repr\u00e9sent\u00e9e \u00e0 la NCOBB. Jean-Marie m\u2019avait d\u00e9j\u00e0 fait la proposition de participer \u00e0 la NAC Luxembourg et c\u2019est l\u00e0 que j\u2019ai pris la d\u00e9cision d\u2019accepter. Et depuis 2015, j\u2019ai la grande chance de faire partie de son prestigieux team. En plus de cela lors de la braderie annuelle de Jean-Marie, il m\u2019a propos\u00e9 publiquement un contrat de sponsoring, une information qui m\u2019a laiss\u00e9 bouche b\u00e9e pendant un bref instant\u00a0(ce qui n\u2019arrive pas souvent \ud83d\ude42 ) et avec grande fiert\u00e9 j\u2019ai accept\u00e9. \u00bb.<\/p>\n<p style=\"text-align: center;\"><img loading=\"lazy\" decoding=\"async\" class=\"alignnone size-full wp-image-13194\" src=\"https:\/\/www.powerfoodsjmb.com\/wp-content\/uploads\/2017\/01\/olivier-flick-interview-2017-03-1.jpg\" alt=\"\" width=\"1000\" height=\"685\" srcset=\"https:\/\/www.powerfoodsjmb.com\/wp-content\/uploads\/2017\/01\/olivier-flick-interview-2017-03-1.jpg 1000w, https:\/\/www.powerfoodsjmb.com\/wp-content\/uploads\/2017\/01\/olivier-flick-interview-2017-03-1-800x548.jpg 800w, https:\/\/www.powerfoodsjmb.com\/wp-content\/uploads\/2017\/01\/olivier-flick-interview-2017-03-1-300x206.jpg 300w, https:\/\/www.powerfoodsjmb.com\/wp-content\/uploads\/2017\/01\/olivier-flick-interview-2017-03-1-768x526.jpg 768w, https:\/\/www.powerfoodsjmb.com\/wp-content\/uploads\/2017\/01\/olivier-flick-interview-2017-03-1-220x150.jpg 220w\" sizes=\"auto, (max-width: 1000px) 100vw, 1000px\" \/><\/p>\n<p><strong><span style=\"color: #ff6600;\">(3)\u00a0Que peux-tu nous dire sur ton coach, qui est Jean-Marie BERMER en personne\u00a0? Quel lien entretien tu avec lui\u00a0? Et depuis quand l\u2019as-tu comme coach.<\/span><\/strong><\/p>\n<p style=\"text-align: justify;\"><strong>Olivier\u00a0FLICK :<\/strong> \u00ab Jean-Marie est une personne que j\u2019appr\u00e9cie beaucoup et je ne dis pas \u00e7a parce qu\u2019il me sponsorise. Il a un c\u0153ur gros comme la lune et s\u2019investit \u00e0 100% pour sa passion et pour son entourage. En tant que coach, il est imbattable. Il connait son job, il se laisse le temps pour ses clients ou athl\u00e8tes et il est accessible \u00e0 tout moment. Jean-Marie est certes mon coach, mais il est aussi bien plus que \u00e7a. Il est un ami auquel je peux faire confiance \u00e0 100%, il est \u00e0 mon \u00e9coute pour n\u2019importe quels soucis. Ce qui me pla\u00eet beaucoup en lui c\u2019est qu\u2019il a encore des valeurs propres, ce que beaucoup de gens ont malheureusement perdu. Jean-Marie a toujours su bien me conseiller, ceci m\u00eame en \u00e9tant suivi par un autre coach et depuis d\u00e9but 2016 j\u2019ai la grande chance de l\u2019avoir en tant que coach. \u00bb.<\/p>\n<p style=\"text-align: center;\"><img loading=\"lazy\" decoding=\"async\" class=\"alignnone size-full wp-image-13196\" src=\"https:\/\/www.powerfoodsjmb.com\/wp-content\/uploads\/2017\/01\/olivier-flick-interview-2017-04-1.jpg\" alt=\"\" width=\"720\" height=\"961\" srcset=\"https:\/\/www.powerfoodsjmb.com\/wp-content\/uploads\/2017\/01\/olivier-flick-interview-2017-04-1.jpg 720w, https:\/\/www.powerfoodsjmb.com\/wp-content\/uploads\/2017\/01\/olivier-flick-interview-2017-04-1-225x300.jpg 225w\" sizes=\"auto, (max-width: 720px) 100vw, 720px\" \/><\/p>\n<p><strong><span style=\"color: #ff6600;\">(4)\u00a0Tu consommes r\u00e9guli\u00e8rement les produites de notre gamme, comment les d\u00e9crirais-tu? Que t\u2019apportent-ils concr\u00e8tement dans tes pr\u00e9parations\u00a0?<\/span><\/strong><\/p>\n<p style=\"text-align: justify;\"><strong>Olivier\u00a0FLICK :<\/strong> \u00ab Les personnes qui connaissent Jean-\u00a0Marie savent qu\u2019il ne fait pas les choses qu\u2019\u00e0 moiti\u00e9 et qu\u2019il est un perfectionniste. En entrant dans son magasin ce qui frappe aux yeux, c\u2019est qu\u2019il vend exclusivement des produits de la gamme Power-Food\u2019s J-M.B, et ceci a une bonne raison. Jean-Marie aurait pu se faciliter la vie en vendant des compl\u00e9ments alimentaires bas de gamme et \u00e0 moindre prix comme le font beaucoup d\u2019autres mais il a pr\u00e9f\u00e9r\u00e9 s\u2019approfondir dans le sujet et cr\u00e9er sa propre gamme dont il connait la composition de chaque produit. La gamme Power-Food\u2019s J-M.B est compl\u00e8te et de tr\u00e8s haute qualit\u00e9 et je suis plus que fier de pouvoir la repr\u00e9senter. Mon \u00e9volution des derni\u00e8res ann\u00e9es est remarquable depuis que je consomme exclusivement les produits Power-Food\u2019s J-M.B. \u00bb.<\/p>\n<p style=\"text-align: center;\"><img loading=\"lazy\" decoding=\"async\" class=\"alignnone size-full wp-image-13198\" src=\"https:\/\/www.powerfoodsjmb.com\/wp-content\/uploads\/2017\/01\/olivier-flick-interview-2017-05-1.jpg\" alt=\"\" width=\"960\" height=\"665\" srcset=\"https:\/\/www.powerfoodsjmb.com\/wp-content\/uploads\/2017\/01\/olivier-flick-interview-2017-05-1.jpg 960w, https:\/\/www.powerfoodsjmb.com\/wp-content\/uploads\/2017\/01\/olivier-flick-interview-2017-05-1-800x554.jpg 800w, https:\/\/www.powerfoodsjmb.com\/wp-content\/uploads\/2017\/01\/olivier-flick-interview-2017-05-1-300x208.jpg 300w, https:\/\/www.powerfoodsjmb.com\/wp-content\/uploads\/2017\/01\/olivier-flick-interview-2017-05-1-768x532.jpg 768w\" sizes=\"auto, (max-width: 960px) 100vw, 960px\" \/><\/p>\n<p><strong><span style=\"color: #ff6600;\">(5)\u00a0Avec ton exp\u00e9rience actuelle de bodybuilder, que conseillerais-tu \u00e0 nos lecteurs qui d\u00e9sireraient se lancer dans le monde de la comp\u00e9tition\u00a0?<\/span><\/strong><\/p>\n<p style=\"text-align: justify;\"><strong>Olivier\u00a0FLICK :<\/strong> \u00ab Ce que j\u2019ai remarqu\u00e9 ces derniers temps c\u2019est que beaucoup de gens prennent le monde de la comp\u00e9tition \u00e0 la l\u00e9g\u00e8re et qu\u2019ils ont tendance \u00e0 vouloir br\u00fbler quelques \u00e9tapes. Dans ce monde il faut se laisser le temps. S\u2019entrainer proprement, s\u2019alimenter correctement et \u00e9voluer tout doucement. Pour moi une pr\u00e9paration ne dure pas que 12 semaines mais elle se suit toute l\u2019ann\u00e9e, c\u2019est un mode de vie. Ce qui est important c\u2019est de ne jamais laisser tomber. On ne peut pas gagner \u00e0 tous les coups. Le fait de ne pas avoir gagn\u00e9 ne signifie pas forc\u00e9ment qu\u2019on a perdu. C\u2019est l\u2019\u00e9volution personnelle qui compte. Le fait d\u2019avoir boss\u00e9 dur et d\u2019avoir \u00e9volu\u00e9 est d\u00e9j\u00e0 une victoire personnelle. \u00bb<\/p>\n<p style=\"text-align: center;\"><img loading=\"lazy\" decoding=\"async\" class=\"alignnone size-full wp-image-13200\" src=\"https:\/\/www.powerfoodsjmb.com\/wp-content\/uploads\/2017\/01\/olivier-flick-interview-2017-06-1.jpg\" alt=\"\" width=\"681\" height=\"960\" srcset=\"https:\/\/www.powerfoodsjmb.com\/wp-content\/uploads\/2017\/01\/olivier-flick-interview-2017-06-1.jpg 681w, https:\/\/www.powerfoodsjmb.com\/wp-content\/uploads\/2017\/01\/olivier-flick-interview-2017-06-1-213x300.jpg 213w\" sizes=\"auto, (max-width: 681px) 100vw, 681px\" \/><\/p>\n<p><strong><span style=\"color: #ff6600;\">(6)\u00a0Peux-tu nous parler de tes trainings\u00a0?<\/span><\/strong><\/p>\n<p style=\"text-align: justify;\"><strong>Olivier\u00a0FLICK :<\/strong> \u00ab En ce qui concerne mes trainings je ne tiens pas \u00e0 trop divulguer du fait que tout comme une di\u00e8te, un plan d\u2019entrainement doit \u00eatre personnel et ne doit pas \u00eatre copi\u00e9. Chaque individu a ses points forts et ses points faibles. De mon c\u00f4t\u00e9 mes points faibles principaux \u00e9taient les haut des pecs et les \u00e9paules. Et \u00e0 partir de cela Jean-Marie m\u2019a fait un plan d\u2019entrainement personnalis\u00e9 ciblant les points faibles en question.\u00a0\u00bb.<\/p>\n<p style=\"text-align: center;\"><img loading=\"lazy\" decoding=\"async\" class=\"alignnone size-full wp-image-13202\" src=\"https:\/\/www.powerfoodsjmb.com\/wp-content\/uploads\/2017\/01\/olivier-flick-interview-2017-07-1.jpg\" alt=\"\" width=\"585\" height=\"900\" srcset=\"https:\/\/www.powerfoodsjmb.com\/wp-content\/uploads\/2017\/01\/olivier-flick-interview-2017-07-1.jpg 585w, https:\/\/www.powerfoodsjmb.com\/wp-content\/uploads\/2017\/01\/olivier-flick-interview-2017-07-1-195x300.jpg 195w\" sizes=\"auto, (max-width: 585px) 100vw, 585px\" \/><\/p>\n<p><span style=\"color: #ff6600;\"><strong>(7)\u00a0Quels sont tes projets futurs\u00a0?<\/strong><\/span><\/p>\n<p style=\"text-align: justify;\"><strong>Olivier\u00a0FLICK :<\/strong> \u00ab Cette ann\u00e9e \u00e9tait une ann\u00e9e bien charg\u00e9e qui m\u2019a fait encore apprendre beaucoup sur mon corps. Gr\u00e2ce \u00e0 Jean-Marie j\u2019ai bien \u00e9volu\u00e9 et je lui en suis reconnaissant. J\u2019ai d\u00e9cid\u00e9 de ne pas faire de concours en 2017 mais je veux pr\u00e9senter ma plus belle forme en 2018. \u00bb.<\/p>\n<p style=\"text-align: center;\"><img loading=\"lazy\" decoding=\"async\" class=\"alignnone size-full wp-image-13204\" src=\"https:\/\/www.powerfoodsjmb.com\/wp-content\/uploads\/2017\/01\/olivier-flick-interview-2017-08-1.jpg\" alt=\"\" width=\"778\" height=\"960\" srcset=\"https:\/\/www.powerfoodsjmb.com\/wp-content\/uploads\/2017\/01\/olivier-flick-interview-2017-08-1.jpg 778w, https:\/\/www.powerfoodsjmb.com\/wp-content\/uploads\/2017\/01\/olivier-flick-interview-2017-08-1-243x300.jpg 243w, https:\/\/www.powerfoodsjmb.com\/wp-content\/uploads\/2017\/01\/olivier-flick-interview-2017-08-1-768x948.jpg 768w\" sizes=\"auto, (max-width: 778px) 100vw, 778px\" \/><\/p>\n<p><strong><span style=\"color: #ff6600;\">(8)\u00a0Si tu devais d\u00e9crire en quelques mots ce que repr\u00e9sente pour toi le monde de la musculation en g\u00e9n\u00e9ral, qu\u2019en dirais-tu\u00a0?<\/span><\/strong><\/p>\n<p style=\"text-align: justify;\"><strong>Olivier\u00a0FLICK :<\/strong> \u00ab Pour moi le monde de la musculation va bien plus loin que soulever des poids. Au fil des ann\u00e9es le monde de la musculation m\u2019a permis de rencontrer \u00e9norm\u00e9ment de gens et de voyager \u00e0 gauche et \u00e0 droite. J\u2019ai vite remarqu\u00e9 qu\u2019un lien existe entre les athl\u00e8tes qui pratiquent ce sport \u00e0 haut niveau. Car pour atteindre un certain niveau il faut faire des sacrifices et les athl\u00e8tes le savent tous, ce qui renforce des valeurs comme le respect et la solidarit\u00e9. \u00bb.<\/p>\n<p style=\"text-align: center;\"><img loading=\"lazy\" decoding=\"async\" class=\"alignnone size-full wp-image-13206\" src=\"https:\/\/www.powerfoodsjmb.com\/wp-content\/uploads\/2017\/01\/olivier-flick-interview-2017-09-1.jpg\" alt=\"\" width=\"525\" height=\"900\" srcset=\"https:\/\/www.powerfoodsjmb.com\/wp-content\/uploads\/2017\/01\/olivier-flick-interview-2017-09-1.jpg 525w, https:\/\/www.powerfoodsjmb.com\/wp-content\/uploads\/2017\/01\/olivier-flick-interview-2017-09-1-175x300.jpg 175w\" sizes=\"auto, (max-width: 525px) 100vw, 525px\" \/><\/p>\n<p><strong><span style=\"color: #ff6600;\">(9)\u00a0Penses-tu Olivier qu\u2019un jour la cat\u00e9gorie MEN\u2019S PHYSIC pourrais d\u00e9tr\u00f4ner le bodybuilding\u00a0? Si oui, pourquoi\u00a0?<\/span><\/strong><\/p>\n<p style=\"text-align: justify;\"><strong>Olivier\u00a0FLICK :<\/strong> \u00ab C\u2019est vrai qu\u2019en ce moment la cat\u00e9gorie MEN\u2019S PHYSIQUE attire \u00e9norm\u00e9ment de monde, car c\u2019est une cat\u00e9gorie qui est accessible \u00e0 plus de monde. Ce qui me d\u00e9plait toutefois est le fait comme je l\u2019avais d\u00e9j\u00e0 cit\u00e9 plus haut, que beaucoup de gens prennent ce sport, et surtout la cat\u00e9gorie MEN\u2019S PHYSIQUE \u00e0 la l\u00e9g\u00e8re. Tout comme le bodybuilding il faut s\u2019entrainer dur pour atteindre un certain niveau. Le fait d\u2019\u00eatre beau gosse et \u00eatre pas trop mal foutu ne suffit pas. Les gens qui montent sur sc\u00e8ne avec cette id\u00e9e ne vont pas y faire long feu. Je ne pense pas que la cat\u00e9gorie MEN\u2019S PHYSIQUE pourrais d\u00e9tr\u00f4ner le bodybuilding du fait que ce sont en soit deux mondes diff\u00e9rents. \u00bb.<\/p>\n<p style=\"text-align: center;\"><img loading=\"lazy\" decoding=\"async\" class=\"alignnone size-full wp-image-13208\" src=\"https:\/\/www.powerfoodsjmb.com\/wp-content\/uploads\/2017\/01\/olivier-flick-interview-2017-10-1.jpg\" alt=\"\" width=\"640\" height=\"960\" srcset=\"https:\/\/www.powerfoodsjmb.com\/wp-content\/uploads\/2017\/01\/olivier-flick-interview-2017-10-1.jpg 640w, https:\/\/www.powerfoodsjmb.com\/wp-content\/uploads\/2017\/01\/olivier-flick-interview-2017-10-1-200x300.jpg 200w\" sizes=\"auto, (max-width: 640px) 100vw, 640px\" \/><\/p>\n<p><strong><span style=\"color: #ff6600;\">(10)\u00a0Pratiques-tu une autre discipline sportive que le bodybuilding\u00a0? Si ta r\u00e9ponse est non, que sport pourrait \u00e9ventuellement t\u2019attirer et mettre au placard tes halt\u00e8res\u00a0?<\/span><\/strong><\/p>\n<p style=\"text-align: justify;\"><strong>Olivier\u00a0FLICK :<\/strong> \u00ab Du fait que j\u2019\u00e9tais en pr\u00e9paration presque toute l\u2019ann\u00e9e je n\u2019ai presque que exclusivement pratiqu\u00e9 que le body comme sport. En temps normal je tiens \u00e0 rester polyvalent, faire de la course \u00e0 pieds, de la natation, du foot. Je dois bouger tous le temps \ud83d\ude42 Mais \u00e7a m\u2019\u00e9tonnerait que le jour vienne ou je mettrai mes halt\u00e8res au placard. D\u00e9j\u00e0 seulement le fait de voir des personnes \u00e2g\u00e9es \u00e0 la salle me motive de continuer ce sport jusqu\u2019\u00e0 la fin. \u00bb.<\/p>\n<p><strong><span style=\"color: #ff6600;\">(11)\u00a0Quelle est la personne qui t\u2019a le plus motiv\u00e9 pour pratiquer ce sport ainsi que pour les comp\u00e9titions\u00a0?<\/span><\/strong><\/p>\n<p style=\"text-align: justify;\"><strong>Olivier\u00a0FLICK :<\/strong> \u00ab Je n\u2019ai pas de personne ou d\u2019athl\u00e8te pr\u00e9cis qui m\u2019a le plus motiv\u00e9 pour pratiquer ce sport. En tant qu\u2019adolescent j\u2019\u00e9tais toujours impressionn\u00e9 par les gens ayant de beaux abdos et je me suis toujours dit qu\u2019un jour j\u2019allai aussi en avoir :). Je n\u2019avais en soit jamais l\u2019intention de pratiquer de comp\u00e9titions jusqu\u2019\u00e0 ce que Michel Decolle, un amis de salle et lui-m\u00eame comp\u00e9titeur de haut niveau, me sugg\u00e8re de me pr\u00e9parer. \u00bb.<\/p>\n<p style=\"text-align: center;\"><img loading=\"lazy\" decoding=\"async\" class=\"alignnone size-full wp-image-13210\" src=\"https:\/\/www.powerfoodsjmb.com\/wp-content\/uploads\/2017\/01\/olivier-flick-interview-2017-11-1.jpg\" alt=\"\" width=\"640\" height=\"960\" srcset=\"https:\/\/www.powerfoodsjmb.com\/wp-content\/uploads\/2017\/01\/olivier-flick-interview-2017-11-1.jpg 640w, https:\/\/www.powerfoodsjmb.com\/wp-content\/uploads\/2017\/01\/olivier-flick-interview-2017-11-1-200x300.jpg 200w\" sizes=\"auto, (max-width: 640px) 100vw, 640px\" \/><\/p>\n<p><strong><span style=\"color: #ff6600;\">(12)\u00a0Depuis quand pratiques tu les comp\u00e9titions\u00a0?<\/span><\/strong><\/p>\n<p style=\"text-align: justify;\"><strong>Olivier\u00a0FLICK :<\/strong> \u00ab J\u2019ai fait mes d\u00e9buts en 2013 \u00e0 la NCOBB en Belgique. \u00bb.<\/p>\n<p style=\"text-align: left;\"><strong><span style=\"color: #ff6600;\">(13)\u00a0Pour toi quel est l\u2019int\u00e9r\u00eat du coaching\u00a0?<\/span><\/strong><\/p>\n<p style=\"text-align: justify;\"><strong>Olivier\u00a0FLICK :<\/strong> \u00ab Un suivi professionnel est primordial pour l\u2019\u00e9volution un athl\u00e8te. En se pr\u00e9parant soi-m\u00eame il arrive un temps ou tout stagne. M\u00eame apr\u00e8s plus de 12 ans d\u2019entrainement j\u2019ai vu une belle progression depuis que je suis coach\u00e9 par Jean-Marie. Il est le coach qui a su me guider de fa\u00e7on professionnelle en ce qui concerne l\u2019alimentation, l\u2019entrainement, la prise de compl\u00e9ments alimentaires. \u00bb.<\/p>\n<p style=\"text-align: center;\"><img loading=\"lazy\" decoding=\"async\" class=\"alignnone size-full wp-image-13212\" src=\"https:\/\/www.powerfoodsjmb.com\/wp-content\/uploads\/2017\/01\/olivier-flick-interview-2017-12-1.jpg\" alt=\"\" width=\"960\" height=\"636\" srcset=\"https:\/\/www.powerfoodsjmb.com\/wp-content\/uploads\/2017\/01\/olivier-flick-interview-2017-12-1.jpg 960w, https:\/\/www.powerfoodsjmb.com\/wp-content\/uploads\/2017\/01\/olivier-flick-interview-2017-12-1-800x530.jpg 800w, https:\/\/www.powerfoodsjmb.com\/wp-content\/uploads\/2017\/01\/olivier-flick-interview-2017-12-1-300x199.jpg 300w, https:\/\/www.powerfoodsjmb.com\/wp-content\/uploads\/2017\/01\/olivier-flick-interview-2017-12-1-768x509.jpg 768w\" sizes=\"auto, (max-width: 960px) 100vw, 960px\" \/><\/p>\n<p><strong><span style=\"color: #ff6600;\">(14)\u00a0Aujourd\u2019hui es-tu sponsoris\u00e9\u00a0? Si oui par qui\u00a0?<\/span><\/strong><\/p>\n<p style=\"text-align: justify;\"><strong>Olivier\u00a0FLICK :<\/strong> \u00ab Avec la plus grande fiert\u00e9 je peux affirmer \u00eatre athl\u00e8te par Power-Food\u2019s J-M.B depuis un peu plus d\u2019un an. \u00bb.<\/p>\n<p style=\"text-align: center;\">Power-Food\u2019s J-M.B\u00ae tout droits r\u00e9serv\u00e9s<br \/>\n\u2013 POWER-FOOD\u2019S J-M.B\u00ae INTERVIEW \u2013<\/p>\n","protected":false},"excerpt":{"rendered":"<p>(1) Olivier bonjour, peux-tu rapidement te pr\u00e9senter pour tous les lecteurs et lectrices de notre site POWER-FOOD\u2019S J-M.B\u00a0? Olivier\u00a0FLICK : \u00ab\u00a0Bonjour \u00e0 toutes et \u00e0 tous. Je m\u2019appelle Olivier Flick, j\u2019ai 37 ans et je travaille en tant que Policier. Lors de ma jeunesse, j\u2019ai jou\u00e9 comme la plupart des jeunes avec mes amis au foot. Il y a environ [&hellip;]<\/p>\n","protected":false},"author":1,"featured_media":0,"comment_status":"closed","ping_status":"closed","sticky":false,"template":"","format":"standard","meta":{"footnotes":""},"categories":[795,991],"tags":[],"class_list":["post-13216","post","type-post","status-publish","format-standard","hentry","category-interview-de","category-olivier-flick-de"],"_links":{"self":[{"href":"https:\/\/www.powerfoodsjmb.com\/de\/wp-json\/wp\/v2\/posts\/13216","targetHints":{"allow":["GET"]}}],"collection":[{"href":"https:\/\/www.powerfoodsjmb.com\/de\/wp-json\/wp\/v2\/posts"}],"about":[{"href":"https:\/\/www.powerfoodsjmb.com\/de\/wp-json\/wp\/v2\/types\/post"}],"author":[{"embeddable":true,"href":"https:\/\/www.powerfoodsjmb.com\/de\/wp-json\/wp\/v2\/users\/1"}],"replies":[{"embeddable":true,"href":"https:\/\/www.powerfoodsjmb.com\/de\/wp-json\/wp\/v2\/comments?post=13216"}],"version-history":[{"count":1,"href":"https:\/\/www.powerfoodsjmb.com\/de\/wp-json\/wp\/v2\/posts\/13216\/revisions"}],"predecessor-version":[{"id":20273,"href":"https:\/\/www.powerfoodsjmb.com\/de\/wp-json\/wp\/v2\/posts\/13216\/revisions\/20273"}],"wp:attachment":[{"href":"https:\/\/www.powerfoodsjmb.com\/de\/wp-json\/wp\/v2\/media?parent=13216"}],"wp:term":[{"taxonomy":"category","embeddable":true,"href":"https:\/\/www.powerfoodsjmb.com\/de\/wp-json\/wp\/v2\/categories?post=13216"},{"taxonomy":"post_tag","embeddable":true,"href":"https:\/\/www.powerfoodsjmb.com\/de\/wp-json\/wp\/v2\/tags?post=13216"}],"curies":[{"name":"wp","href":"https:\/\/api.w.org\/{rel}","templated":true}]}}