{"id":10485,"date":"2015-05-22T22:25:16","date_gmt":"2015-05-22T20:25:16","guid":{"rendered":"https:\/\/www.powerfoodsjmb.com\/de\/ken-conter-3\/"},"modified":"2023-11-18T17:23:07","modified_gmt":"2023-11-18T16:23:07","slug":"ken-conter-3","status":"publish","type":"post","link":"https:\/\/www.powerfoodsjmb.com\/de\/ken-conter-3\/","title":{"rendered":"Ken Conter"},"content":{"rendered":"<p style=\"text-align: center;\"><img loading=\"lazy\" decoding=\"async\" class=\"alignnone size-full wp-image-10392\" src=\"https:\/\/www.powerfoodsjmb.com\/wp-content\/uploads\/2015\/08\/power-foods-jmb_athlete_ken-conter_12.jpg\" alt=\"power-foods-jmb_athlete_ken-conter_1\" width=\"500\" height=\"266\" srcset=\"https:\/\/www.powerfoodsjmb.com\/wp-content\/uploads\/2015\/08\/power-foods-jmb_athlete_ken-conter_12.jpg 500w, https:\/\/www.powerfoodsjmb.com\/wp-content\/uploads\/2015\/08\/power-foods-jmb_athlete_ken-conter_12-300x160.jpg 300w\" sizes=\"auto, (max-width: 500px) 100vw, 500px\" \/><\/p>\n<p>Voici des nouvelles de <strong><a href=\"https:\/\/www.powerfoodsjmb.com\/de\/athletes\/ken-conter\/\">Ken CONTER<\/a><\/strong>, d\u00e9couvrez ci-dessous ses derniers r\u00e9sultats :<\/p>\n<ul>\n<li>1 Victoire en France<\/li>\n<li>Multiples podiums nationaux<\/li>\n<li>4\u00e8me challenge de l&#8217;Est (80 coureurs) France<\/li>\n<li>4\u00e8me et 8\u00e8me en Belgique (avec plus de 100 coureurs au d\u00e9part)<\/li>\n<li>3\u00e8me weekend de mai, Ken a particip\u00e9 avec l&#8217;\u00e9quipe nationale au Tour d&#8217;Allemagne avec 180 coureurs et il a remport\u00e9 le &#8222;maillot&#8220;\u00a0blanc du meilleur grimpeur.<\/li>\n<\/ul>\n<p style=\"text-align: center;\"><img loading=\"lazy\" decoding=\"async\" class=\"alignnone size-full wp-image-10394\" src=\"https:\/\/www.powerfoodsjmb.com\/wp-content\/uploads\/2015\/08\/power-foods-jmb_athlete_ken-conter_22.jpg\" alt=\"power-foods-jmb_athlete_ken-conter_2\" width=\"500\" height=\"641\" srcset=\"https:\/\/www.powerfoodsjmb.com\/wp-content\/uploads\/2015\/08\/power-foods-jmb_athlete_ken-conter_22.jpg 500w, https:\/\/www.powerfoodsjmb.com\/wp-content\/uploads\/2015\/08\/power-foods-jmb_athlete_ken-conter_22-234x300.jpg 234w\" sizes=\"auto, (max-width: 500px) 100vw, 500px\" \/><\/p>\n<p style=\"text-align: center;\"><img loading=\"lazy\" decoding=\"async\" class=\"alignnone size-full wp-image-10396\" src=\"https:\/\/www.powerfoodsjmb.com\/wp-content\/uploads\/2015\/08\/power-foods-jmb_athlete_ken-conter_32.jpg\" alt=\"power-foods-jmb_athlete_ken-conter_3\" width=\"445\" height=\"587\" srcset=\"https:\/\/www.powerfoodsjmb.com\/wp-content\/uploads\/2015\/08\/power-foods-jmb_athlete_ken-conter_32.jpg 445w, https:\/\/www.powerfoodsjmb.com\/wp-content\/uploads\/2015\/08\/power-foods-jmb_athlete_ken-conter_32-227x300.jpg 227w\" sizes=\"auto, (max-width: 445px) 100vw, 445px\" \/><\/p>\n<p style=\"text-align: center;\"><img loading=\"lazy\" decoding=\"async\" class=\"alignnone size-full wp-image-10398\" src=\"https:\/\/www.powerfoodsjmb.com\/wp-content\/uploads\/2015\/08\/power-foods-jmb_athlete_ken-conter_42.jpg\" alt=\"power-foods-jmb_athlete_ken-conter_4\" width=\"500\" height=\"912\" srcset=\"https:\/\/www.powerfoodsjmb.com\/wp-content\/uploads\/2015\/08\/power-foods-jmb_athlete_ken-conter_42.jpg 500w, https:\/\/www.powerfoodsjmb.com\/wp-content\/uploads\/2015\/08\/power-foods-jmb_athlete_ken-conter_42-164x300.jpg 164w\" sizes=\"auto, (max-width: 500px) 100vw, 500px\" \/><\/p>\n<p><strong>A venir prochainement pour KEN :\u00a0<\/strong><\/p>\n<ul>\n<li>Championnat du Luxembourg<\/li>\n<li>EYOF en Georgie<\/li>\n<li>Tour d&#8217;Autriche<\/li>\n<\/ul>\n<p><strong>UN GRAND BRAVO POUR NOTRE ATHLETE POWER-FOOD\u2019S J-M.B\u00ae<\/strong><\/p>\n","protected":false},"excerpt":{"rendered":"<p>Voici des nouvelles de Ken CONTER, d\u00e9couvrez ci-dessous ses derniers r\u00e9sultats : 1 Victoire en France Multiples podiums nationaux 4\u00e8me challenge de l&#8217;Est (80 coureurs) France 4\u00e8me et 8\u00e8me en Belgique (avec plus de 100 coureurs au d\u00e9part) 3\u00e8me weekend de mai, Ken a particip\u00e9 avec l&#8217;\u00e9quipe nationale au Tour d&#8217;Allemagne avec 180 coureurs et il a remport\u00e9 le &#8222;maillot&#8220;\u00a0blanc [&hellip;]<\/p>\n","protected":false},"author":1,"featured_media":0,"comment_status":"closed","ping_status":"closed","sticky":false,"template":"","format":"standard","meta":{"footnotes":""},"categories":[791,894],"tags":[],"class_list":["post-10485","post","type-post","status-publish","format-standard","hentry","category-athletes-de","category-ken-conter-de"],"_links":{"self":[{"href":"https:\/\/www.powerfoodsjmb.com\/de\/wp-json\/wp\/v2\/posts\/10485","targetHints":{"allow":["GET"]}}],"collection":[{"href":"https:\/\/www.powerfoodsjmb.com\/de\/wp-json\/wp\/v2\/posts"}],"about":[{"href":"https:\/\/www.powerfoodsjmb.com\/de\/wp-json\/wp\/v2\/types\/post"}],"author":[{"embeddable":true,"href":"https:\/\/www.powerfoodsjmb.com\/de\/wp-json\/wp\/v2\/users\/1"}],"replies":[{"embeddable":true,"href":"https:\/\/www.powerfoodsjmb.com\/de\/wp-json\/wp\/v2\/comments?post=10485"}],"version-history":[{"count":3,"href":"https:\/\/www.powerfoodsjmb.com\/de\/wp-json\/wp\/v2\/posts\/10485\/revisions"}],"predecessor-version":[{"id":20339,"href":"https:\/\/www.powerfoodsjmb.com\/de\/wp-json\/wp\/v2\/posts\/10485\/revisions\/20339"}],"wp:attachment":[{"href":"https:\/\/www.powerfoodsjmb.com\/de\/wp-json\/wp\/v2\/media?parent=10485"}],"wp:term":[{"taxonomy":"category","embeddable":true,"href":"https:\/\/www.powerfoodsjmb.com\/de\/wp-json\/wp\/v2\/categories?post=10485"},{"taxonomy":"post_tag","embeddable":true,"href":"https:\/\/www.powerfoodsjmb.com\/de\/wp-json\/wp\/v2\/tags?post=10485"}],"curies":[{"name":"wp","href":"https:\/\/api.w.org\/{rel}","templated":true}]}}